{"id":13825,"date":"2021-12-07T09:15:01","date_gmt":"2021-12-07T09:15:01","guid":{"rendered":"http:\/\/msa-abra.edu.lb\/wp\/?p=13825"},"modified":"2022-10-25T14:20:13","modified_gmt":"2022-10-25T14:20:13","slug":"festivites-de-la-fete-de-sainte-barbe-au-prescolaire","status":"publish","type":"post","link":"https:\/\/msa-abra.edu.lb\/wp\/2021\/12\/07\/festivites-de-la-fete-de-sainte-barbe-au-prescolaire\/","title":{"rendered":"Festivit\u00e9s de la f\u00eate de Sainte Barbe au pr\u00e9scolaire"},"content":{"rendered":"<p><span style=\"font-size: 14pt;\">Le vendredi 3 d\u00e9cembre, les \u00e9l\u00e8ves du cycle maternel ont c\u00e9l\u00e9br\u00e9 la f\u00eate de Sainte barbe. Ils se sont d\u00e9guis\u00e9s de mani\u00e8re tr\u00e8s originale, ils ont chant\u00e9 et dans\u00e9. Bonne f\u00eate les petits.<\/span><\/p>\nngg_shortcode_0_placeholder\n","protected":false},"excerpt":{"rendered":"<p>Le vendredi 3 d\u00e9cembre, les \u00e9l\u00e8ves du cycle maternel ont c\u00e9l\u00e9br\u00e9 la f\u00eate de Sainte barbe. Ils se sont d\u00e9guis\u00e9s<\/p>\n","protected":false},"author":2,"featured_media":13872,"comment_status":"closed","ping_status":"closed","sticky":false,"template":"","format":"standard","meta":{"colormag_page_layout":"default_layout","ngg_post_thumbnail":0,"footnotes":""},"categories":[53],"tags":[],"class_list":["post-13825","post","type-post","status-publish","format-standard","has-post-thumbnail","hentry","category-archive"],"featured_url":"https:\/\/msaabra.b-cdn.net\/wp\/wp-content\/uploads\/2021\/12\/cover-1.jpg","featured_square_url":"https:\/\/msaabra.b-cdn.net\/wp\/wp-content\/uploads\/2021\/12\/cover-1-100x100.jpg","m_comment_count":0,"m_categories":[{"description":"","id":53,"name":"Archive"}],"m_next_post":13874,"m_previous_post":13594,"required_rewards_ads":0,"_links":{"self":[{"href":"https:\/\/msa-abra.edu.lb\/wp\/wp-json\/wp\/v2\/posts\/13825","targetHints":{"allow":["GET"]}}],"collection":[{"href":"https:\/\/msa-abra.edu.lb\/wp\/wp-json\/wp\/v2\/posts"}],"about":[{"href":"https:\/\/msa-abra.edu.lb\/wp\/wp-json\/wp\/v2\/types\/post"}],"author":[{"embeddable":true,"href":"https:\/\/msa-abra.edu.lb\/wp\/wp-json\/wp\/v2\/users\/2"}],"replies":[{"embeddable":true,"href":"https:\/\/msa-abra.edu.lb\/wp\/wp-json\/wp\/v2\/comments?post=13825"}],"version-history":[{"count":1,"href":"https:\/\/msa-abra.edu.lb\/wp\/wp-json\/wp\/v2\/posts\/13825\/revisions"}],"predecessor-version":[{"id":13873,"href":"https:\/\/msa-abra.edu.lb\/wp\/wp-json\/wp\/v2\/posts\/13825\/revisions\/13873"}],"wp:featuredmedia":[{"embeddable":true,"href":"https:\/\/msa-abra.edu.lb\/wp\/wp-json\/wp\/v2\/media\/13872"}],"wp:attachment":[{"href":"https:\/\/msa-abra.edu.lb\/wp\/wp-json\/wp\/v2\/media?parent=13825"}],"wp:term":[{"taxonomy":"category","embeddable":true,"href":"https:\/\/msa-abra.edu.lb\/wp\/wp-json\/wp\/v2\/categories?post=13825"},{"taxonomy":"post_tag","embeddable":true,"href":"https:\/\/msa-abra.edu.lb\/wp\/wp-json\/wp\/v2\/tags?post=13825"}],"curies":[{"name":"wp","href":"https:\/\/api.w.org\/{rel}","templated":true}]}}